{"id":625,"date":"2020-05-18T20:31:42","date_gmt":"2020-05-18T18:31:42","guid":{"rendered":"https:\/\/www.gwt.at\/schwimmbad-und-therme\/jobs\/therme-st-kathrein-bad-kleinkirchheim\/"},"modified":"2023-06-02T12:20:21","modified_gmt":"2023-06-02T10:20:21","slug":"therme-st-kathrein-bad-kleinkirchheim","status":"publish","type":"post","link":"https:\/\/www.gwt.at\/schwimmbad-und-therme\/taetigkeitsbereiche\/schwimmbadtechnik-beckenanlagen\/therme-st-kathrein-bad-kleinkirchheim\/","title":{"rendered":"Therme St. Kathrein Bad Kleinkirchheim"},"content":{"rendered":"\t\t<div data-elementor-type=\"wp-post\" data-elementor-id=\"625\" class=\"elementor elementor-625\">\n\t\t\t\t\t\t<section class=\"elementor-section elementor-top-section elementor-element elementor-element-75a9af2b elementor-section-boxed elementor-section-height-default elementor-section-height-default\" data-id=\"75a9af2b\" data-element_type=\"section\">\n\t\t\t\t\t\t<div class=\"elementor-container elementor-column-gap-default\">\n\t\t\t\t\t<div class=\"elementor-column elementor-col-100 elementor-top-column elementor-element elementor-element-6af43c1f\" data-id=\"6af43c1f\" data-element_type=\"column\">\n\t\t\t<div class=\"elementor-widget-wrap elementor-element-populated\">\n\t\t\t\t\t\t<div class=\"elementor-element elementor-element-26e1548e elementor-widget elementor-widget-heading\" data-id=\"26e1548e\" data-element_type=\"widget\" data-widget_type=\"heading.default\">\n\t\t\t\t<div class=\"elementor-widget-container\">\n\t\t\t\t\t<h5 class=\"elementor-heading-title elementor-size-default\">Beschreibung<\/h5>\t\t\t\t<\/div>\n\t\t\t\t<\/div>\n\t\t\t\t\t<\/div>\n\t\t<\/div>\n\t\t\t\t\t<\/div>\n\t\t<\/section>\n\t\t\t\t<section class=\"elementor-section elementor-top-section elementor-element elementor-element-25db7832 elementor-section-boxed elementor-section-height-default elementor-section-height-default\" data-id=\"25db7832\" data-element_type=\"section\">\n\t\t\t\t\t\t<div class=\"elementor-container elementor-column-gap-default\">\n\t\t\t\t\t<div class=\"elementor-column elementor-col-100 elementor-top-column elementor-element elementor-element-481ab612\" data-id=\"481ab612\" data-element_type=\"column\">\n\t\t\t<div class=\"elementor-widget-wrap elementor-element-populated\">\n\t\t\t\t\t\t<div class=\"elementor-element elementor-element-40dd9e3a elementor-icon-list--layout-traditional elementor-list-item-link-full_width elementor-widget elementor-widget-icon-list\" data-id=\"40dd9e3a\" data-element_type=\"widget\" data-widget_type=\"icon-list.default\">\n\t\t\t\t<div class=\"elementor-widget-container\">\n\t\t\t\t\t\t\t<ul class=\"elementor-icon-list-items\">\n\t\t\t\t\t\t\t<li class=\"elementor-icon-list-item\">\n\t\t\t\t\t\t\t\t\t\t\t<span class=\"elementor-icon-list-icon\">\n\t\t\t\t\t\t\t<i aria-hidden=\"true\" class=\"fas fa-home\"><\/i>\t\t\t\t\t\t<\/span>\n\t\t\t\t\t\t\t\t\t\t<span class=\"elementor-icon-list-text\">9546 Bad Kleinkirchheim<\/span>\n\t\t\t\t\t\t\t\t\t<\/li>\n\t\t\t\t\t\t\t\t<li class=\"elementor-icon-list-item\">\n\t\t\t\t\t\t\t\t\t\t\t<span class=\"elementor-icon-list-icon\">\n\t\t\t\t\t\t\t<i aria-hidden=\"true\" class=\"fas fa-map-marker-alt\"><\/i>\t\t\t\t\t\t<\/span>\n\t\t\t\t\t\t\t\t\t\t<span class=\"elementor-icon-list-text\">Dorfstra\u00dfe 47<\/span>\n\t\t\t\t\t\t\t\t\t<\/li>\n\t\t\t\t\t\t<\/ul>\n\t\t\t\t\t\t<\/div>\n\t\t\t\t<\/div>\n\t\t\t\t\t<\/div>\n\t\t<\/div>\n\t\t\t\t\t<\/div>\n\t\t<\/section>\n\t\t\t\t<section class=\"elementor-section elementor-top-section elementor-element elementor-element-274a6494 elementor-section-boxed elementor-section-height-default elementor-section-height-default\" data-id=\"274a6494\" data-element_type=\"section\">\n\t\t\t\t\t\t<div class=\"elementor-container elementor-column-gap-default\">\n\t\t\t\t\t<div class=\"elementor-column elementor-col-100 elementor-top-column elementor-element elementor-element-19fbf426\" data-id=\"19fbf426\" data-element_type=\"column\">\n\t\t\t<div class=\"elementor-widget-wrap elementor-element-populated\">\n\t\t\t\t\t\t<div class=\"elementor-element elementor-element-47843b8e elementor-widget elementor-widget-text-editor\" data-id=\"47843b8e\" data-element_type=\"widget\" data-widget_type=\"text-editor.default\">\n\t\t\t\t<div class=\"elementor-widget-container\">\n\t\t\t\t\t\t\t\t\t<p>Die Therme St. Kathrein bietet ihren Besuchern eine gro\u00dfz\u00fcgige Fl\u00e4che von 1.200 m\u00b2, die gr\u00f6\u00dfte Wasserfl\u00e4che aller Thermen K\u00e4rntens. Das Wasserparadies des Erlebnisbeckens bietet Spa\u00df f\u00fcr die ganze Familie. Von hier gelangt man in das fast 600 m\u00b2 gro\u00dfe Thermalau\u00dfenbecken. F\u00fcr die Allerkleinsten gibt es ein gut einsehbares Kinderbecken. Wenn Sie etwas Erholung brauchen bietet das 330 m\u00b2 gro\u00dfe Wellnessbecken und Whirlpool Entspannung pur. Im Zeitraum von September 2016 bis Juli 2017 durfte unser Team die Beckenanlage der Therme in Bad Kleinkirchheim sanieren, modernisieren und verbessern. Der Leistungsumfang bestand aus der Planung, Lieferung, Montage und Inbetriebnahme der Beckenanlage der Therme St. Kathrein.<\/p>\t\t\t\t\t\t\t\t<\/div>\n\t\t\t\t<\/div>\n\t\t\t\t\t<\/div>\n\t\t<\/div>\n\t\t\t\t\t<\/div>\n\t\t<\/section>\n\t\t\t\t<section class=\"elementor-section elementor-top-section elementor-element elementor-element-14600706 elementor-section-boxed elementor-section-height-default elementor-section-height-default\" data-id=\"14600706\" data-element_type=\"section\">\n\t\t\t\t\t\t<div class=\"elementor-container elementor-column-gap-default\">\n\t\t\t\t\t<div class=\"elementor-column elementor-col-100 elementor-top-column elementor-element elementor-element-2b5c1c59\" data-id=\"2b5c1c59\" data-element_type=\"column\">\n\t\t\t<div class=\"elementor-widget-wrap elementor-element-populated\">\n\t\t\t\t\t\t<div class=\"elementor-element elementor-element-cae1715 elementor-widget elementor-widget-heading\" data-id=\"cae1715\" data-element_type=\"widget\" data-widget_type=\"heading.default\">\n\t\t\t\t<div class=\"elementor-widget-container\">\n\t\t\t\t\t<h5 class=\"elementor-heading-title elementor-size-default\">Ausstattung<\/h5>\t\t\t\t<\/div>\n\t\t\t\t<\/div>\n\t\t\t\t\t<\/div>\n\t\t<\/div>\n\t\t\t\t\t<\/div>\n\t\t<\/section>\n\t\t\t\t<section class=\"elementor-section elementor-top-section elementor-element elementor-element-3fa0517c elementor-section-boxed elementor-section-height-default elementor-section-height-default\" data-id=\"3fa0517c\" data-element_type=\"section\">\n\t\t\t\t\t\t<div class=\"elementor-container elementor-column-gap-default\">\n\t\t\t\t\t<div class=\"elementor-column elementor-col-100 elementor-top-column elementor-element elementor-element-6ccfbbe9\" data-id=\"6ccfbbe9\" data-element_type=\"column\">\n\t\t\t<div class=\"elementor-widget-wrap elementor-element-populated\">\n\t\t\t\t\t\t<div class=\"elementor-element elementor-element-43f654da elementor-widget elementor-widget-text-editor\" data-id=\"43f654da\" data-element_type=\"widget\" data-widget_type=\"text-editor.default\">\n\t\t\t\t<div class=\"elementor-widget-container\">\n\t\t\t\t\t\t\t\t\t<ul><li>Au\u00dfenbecken<\/li><li>Wellnessbecken<\/li><li>Erlebnisbecken<\/li><li>Kinderbecken<\/li><li>Whirlpool<\/li><li>Sauna<\/li><\/ul>\t\t\t\t\t\t\t\t<\/div>\n\t\t\t\t<\/div>\n\t\t\t\t\t<\/div>\n\t\t<\/div>\n\t\t\t\t\t<\/div>\n\t\t<\/section>\n\t\t\t\t<section class=\"elementor-section elementor-top-section elementor-element elementor-element-13ec97d9 elementor-section-boxed elementor-section-height-default elementor-section-height-default\" data-id=\"13ec97d9\" data-element_type=\"section\">\n\t\t\t\t\t\t<div class=\"elementor-container elementor-column-gap-default\">\n\t\t\t\t\t<div class=\"elementor-column elementor-col-100 elementor-top-column elementor-element elementor-element-12d9136d\" data-id=\"12d9136d\" data-element_type=\"column\">\n\t\t\t<div class=\"elementor-widget-wrap elementor-element-populated\">\n\t\t\t\t\t\t<div class=\"elementor-element elementor-element-77376d75 elementor-widget elementor-widget-heading\" data-id=\"77376d75\" data-element_type=\"widget\" data-widget_type=\"heading.default\">\n\t\t\t\t<div class=\"elementor-widget-container\">\n\t\t\t\t\t<h5 class=\"elementor-heading-title elementor-size-default\">Anlagendaten<\/h5>\t\t\t\t<\/div>\n\t\t\t\t<\/div>\n\t\t\t\t\t<\/div>\n\t\t<\/div>\n\t\t\t\t\t<\/div>\n\t\t<\/section>\n\t\t\t\t<section class=\"elementor-section elementor-top-section elementor-element elementor-element-49e9bcea elementor-section-boxed elementor-section-height-default elementor-section-height-default\" data-id=\"49e9bcea\" data-element_type=\"section\">\n\t\t\t\t\t\t<div class=\"elementor-container elementor-column-gap-default\">\n\t\t\t\t\t<div class=\"elementor-column elementor-col-100 elementor-top-column elementor-element elementor-element-6ba10bd0\" data-id=\"6ba10bd0\" data-element_type=\"column\">\n\t\t\t<div class=\"elementor-widget-wrap elementor-element-populated\">\n\t\t\t\t\t\t<div class=\"elementor-element elementor-element-4fe6615 elementor-widget elementor-widget-text-editor\" data-id=\"4fe6615\" data-element_type=\"widget\" data-widget_type=\"text-editor.default\">\n\t\t\t\t<div class=\"elementor-widget-container\">\n\t\t\t\t\t\t\t\t\t<ul><li>Gesamtumw\u00e4lzleistung Neuerrichtung: 241 m\u00b3\/h<\/li><li>Gesamtumw\u00e4lzleistung Adaptierungen: 514 m\u00b3\/h<\/li><\/ul>\t\t\t\t\t\t\t\t<\/div>\n\t\t\t\t<\/div>\n\t\t\t\t\t<\/div>\n\t\t<\/div>\n\t\t\t\t\t<\/div>\n\t\t<\/section>\n\t\t\t\t<section class=\"elementor-section elementor-top-section elementor-element elementor-element-7e57b1ab elementor-section-boxed elementor-section-height-default elementor-section-height-default\" data-id=\"7e57b1ab\" data-element_type=\"section\">\n\t\t\t\t\t\t<div class=\"elementor-container elementor-column-gap-default\">\n\t\t\t\t\t<div class=\"elementor-column elementor-col-100 elementor-top-column elementor-element elementor-element-509b9664\" data-id=\"509b9664\" data-element_type=\"column\">\n\t\t\t<div class=\"elementor-widget-wrap elementor-element-populated\">\n\t\t\t\t\t\t<div class=\"elementor-element elementor-element-2d56ba03 elementor-widget elementor-widget-heading\" data-id=\"2d56ba03\" data-element_type=\"widget\" data-widget_type=\"heading.default\">\n\t\t\t\t<div class=\"elementor-widget-container\">\n\t\t\t\t\t<h5 class=\"elementor-heading-title elementor-size-default\">Unsere Leistungen<\/h5>\t\t\t\t<\/div>\n\t\t\t\t<\/div>\n\t\t\t\t\t<\/div>\n\t\t<\/div>\n\t\t\t\t\t<\/div>\n\t\t<\/section>\n\t\t\t\t<section class=\"elementor-section elementor-top-section elementor-element elementor-element-4398ede3 elementor-section-boxed elementor-section-height-default elementor-section-height-default\" data-id=\"4398ede3\" data-element_type=\"section\">\n\t\t\t\t\t\t<div class=\"elementor-container elementor-column-gap-default\">\n\t\t\t\t\t<div class=\"elementor-column elementor-col-100 elementor-top-column elementor-element elementor-element-7a0cd9de\" data-id=\"7a0cd9de\" data-element_type=\"column\">\n\t\t\t<div class=\"elementor-widget-wrap elementor-element-populated\">\n\t\t\t\t\t\t<div class=\"elementor-element elementor-element-4c3f5de9 elementor-widget elementor-widget-text-editor\" data-id=\"4c3f5de9\" data-element_type=\"widget\" data-widget_type=\"text-editor.default\">\n\t\t\t\t<div class=\"elementor-widget-container\">\n\t\t\t\t\t\t\t\t\t<ul><li>Badewasseraufbereitung mit Saugfilteranlage<\/li><li>R\u00fccksp\u00fclautomatik<\/li><li>Beckeneinbauteile<\/li><li>Attraktionseinrichtungen f\u00fcr Luft- und Wasserattraktionen sowie Wasserrutsche<\/li><li>Verrohrung<\/li><li>Chlorgasanlage<\/li><li>Dosiereinrichtung mit Mess- und Regelanlagen<\/li><li>Badewassererw\u00e4rmung inkl. Schalt- und Steueranlage mit Visualisierung<\/li><li>Energieoptimierung<\/li><\/ul>\t\t\t\t\t\t\t\t<\/div>\n\t\t\t\t<\/div>\n\t\t\t\t\t<\/div>\n\t\t<\/div>\n\t\t\t\t\t<\/div>\n\t\t<\/section>\n\t\t\t\t<\/div>\n\t\t","protected":false},"excerpt":{"rendered":"<p>Die Therme St. Kathrein bietet ihren Besuchern eine gro\u00dfz\u00fcgige Fl\u00e4che von 1.200 m\u00b2, die gr\u00f6\u00dfte Wasserfl\u00e4che aller Thermen K\u00e4rntens. Das Wasserparadies des Erlebnisbeckens bietet Spa\u00df f\u00fcr die ganze Familie. Von hier gelangt man in das fast 600 m\u00b2 gro\u00dfe Thermalau\u00dfenbecken. F\u00fcr die Allerkleinsten gibt es ein gut einsehbares Kinderbecken. Wenn Sie etwas Erholung brauchen bietet das 330 m\u00b2 gro\u00dfe Wellnessbecken und Whirlpool Entspannung pur.<\/p>\n","protected":false},"author":1,"featured_media":707,"comment_status":"open","ping_status":"open","sticky":false,"template":"","format":"standard","meta":{"footnotes":""},"categories":[32,31],"tags":[],"class_list":["post-625","post","type-post","status-publish","format-standard","has-post-thumbnail","hentry","category-schwimmbadtechnik-beckenanlagen","category-taetigkeitsbereiche"],"yoast_head":"<!-- This site is optimized with the Yoast SEO plugin v26.0 - https:\/\/yoast.com\/wordpress\/plugins\/seo\/ -->\n<title>Therme St. Kathrein Bad Kleinkirchheim - GWT - Schwimmbad und Therme<\/title>\n<meta name=\"robots\" content=\"index, follow, max-snippet:-1, max-image-preview:large, max-video-preview:-1\" \/>\n<link rel=\"canonical\" href=\"https:\/\/www.gwt.at\/schwimmbad-und-therme\/taetigkeitsbereiche\/therme-st-kathrein-bad-kleinkirchheim\/\" \/>\n<meta property=\"og:locale\" content=\"de_DE\" \/>\n<meta property=\"og:type\" content=\"article\" \/>\n<meta property=\"og:title\" content=\"Therme St. Kathrein Bad Kleinkirchheim - GWT - Schwimmbad und Therme\" \/>\n<meta property=\"og:description\" content=\"Die Therme St. Kathrein bietet ihren Besuchern eine gro\u00dfz\u00fcgige Fl\u00e4che von 1.200 m\u00b2, die gr\u00f6\u00dfte Wasserfl\u00e4che aller Thermen K\u00e4rntens. Das Wasserparadies des Erlebnisbeckens bietet Spa\u00df f\u00fcr die ganze Familie. Von hier gelangt man in das fast 600 m\u00b2 gro\u00dfe Thermalau\u00dfenbecken. F\u00fcr die Allerkleinsten gibt es ein gut einsehbares Kinderbecken. Wenn Sie etwas Erholung brauchen bietet das 330 m\u00b2 gro\u00dfe Wellnessbecken und Whirlpool Entspannung pur.\" \/>\n<meta property=\"og:url\" content=\"https:\/\/www.gwt.at\/schwimmbad-und-therme\/taetigkeitsbereiche\/therme-st-kathrein-bad-kleinkirchheim\/\" \/>\n<meta property=\"og:site_name\" content=\"GWT - Schwimmbad und Therme\" \/>\n<meta property=\"article:published_time\" content=\"2020-05-18T18:31:42+00:00\" \/>\n<meta property=\"article:modified_time\" content=\"2023-06-02T10:20:21+00:00\" \/>\n<meta property=\"og:image\" content=\"https:\/\/www.gwt.at\/schwimmbad-und-therme\/wp-content\/uploads\/sites\/3\/2020\/05\/csm_ref_kathrein2_3f768598a3.jpg\" \/>\n\t<meta property=\"og:image:width\" content=\"605\" \/>\n\t<meta property=\"og:image:height\" content=\"404\" \/>\n\t<meta property=\"og:image:type\" content=\"image\/jpeg\" \/>\n<meta name=\"author\" content=\"webdesignsteyrer\" \/>\n<meta name=\"twitter:card\" content=\"summary_large_image\" \/>\n<meta name=\"twitter:label1\" content=\"Verfasst von\" \/>\n\t<meta name=\"twitter:data1\" content=\"webdesignsteyrer\" \/>\n\t<meta name=\"twitter:label2\" content=\"Gesch\u00e4tzte Lesezeit\" \/>\n\t<meta name=\"twitter:data2\" content=\"1\u00a0Minute\" \/>\n<script type=\"application\/ld+json\" class=\"yoast-schema-graph\">{\"@context\":\"https:\/\/schema.org\",\"@graph\":[{\"@type\":\"Article\",\"@id\":\"https:\/\/www.gwt.at\/schwimmbad-und-therme\/taetigkeitsbereiche\/therme-st-kathrein-bad-kleinkirchheim\/#article\",\"isPartOf\":{\"@id\":\"https:\/\/www.gwt.at\/schwimmbad-und-therme\/taetigkeitsbereiche\/therme-st-kathrein-bad-kleinkirchheim\/\"},\"author\":{\"name\":\"webdesignsteyrer\",\"@id\":\"https:\/\/www.gwt.at\/schwimmbad-und-therme\/#\/schema\/person\/461aa849ce8fdaf81da482f23b05a783\"},\"headline\":\"Therme St. Kathrein Bad Kleinkirchheim\",\"datePublished\":\"2020-05-18T18:31:42+00:00\",\"dateModified\":\"2023-06-02T10:20:21+00:00\",\"mainEntityOfPage\":{\"@id\":\"https:\/\/www.gwt.at\/schwimmbad-und-therme\/taetigkeitsbereiche\/therme-st-kathrein-bad-kleinkirchheim\/\"},\"wordCount\":170,\"commentCount\":0,\"publisher\":{\"@id\":\"https:\/\/www.gwt.at\/schwimmbad-und-therme\/#organization\"},\"image\":{\"@id\":\"https:\/\/www.gwt.at\/schwimmbad-und-therme\/taetigkeitsbereiche\/therme-st-kathrein-bad-kleinkirchheim\/#primaryimage\"},\"thumbnailUrl\":\"https:\/\/www.gwt.at\/schwimmbad-und-therme\/wp-content\/uploads\/sites\/3\/2020\/05\/csm_ref_kathrein2_3f768598a3.jpg\",\"articleSection\":[\"Schwimmbadtechnik &amp; Beckenanlagen\",\"T\u00e4tigkeitsbereiche\"],\"inLanguage\":\"de\",\"potentialAction\":[{\"@type\":\"CommentAction\",\"name\":\"Comment\",\"target\":[\"https:\/\/www.gwt.at\/schwimmbad-und-therme\/taetigkeitsbereiche\/therme-st-kathrein-bad-kleinkirchheim\/#respond\"]}]},{\"@type\":\"WebPage\",\"@id\":\"https:\/\/www.gwt.at\/schwimmbad-und-therme\/taetigkeitsbereiche\/therme-st-kathrein-bad-kleinkirchheim\/\",\"url\":\"https:\/\/www.gwt.at\/schwimmbad-und-therme\/taetigkeitsbereiche\/therme-st-kathrein-bad-kleinkirchheim\/\",\"name\":\"Therme St. Kathrein Bad Kleinkirchheim - GWT - Schwimmbad und Therme\",\"isPartOf\":{\"@id\":\"https:\/\/www.gwt.at\/schwimmbad-und-therme\/#website\"},\"primaryImageOfPage\":{\"@id\":\"https:\/\/www.gwt.at\/schwimmbad-und-therme\/taetigkeitsbereiche\/therme-st-kathrein-bad-kleinkirchheim\/#primaryimage\"},\"image\":{\"@id\":\"https:\/\/www.gwt.at\/schwimmbad-und-therme\/taetigkeitsbereiche\/therme-st-kathrein-bad-kleinkirchheim\/#primaryimage\"},\"thumbnailUrl\":\"https:\/\/www.gwt.at\/schwimmbad-und-therme\/wp-content\/uploads\/sites\/3\/2020\/05\/csm_ref_kathrein2_3f768598a3.jpg\",\"datePublished\":\"2020-05-18T18:31:42+00:00\",\"dateModified\":\"2023-06-02T10:20:21+00:00\",\"breadcrumb\":{\"@id\":\"https:\/\/www.gwt.at\/schwimmbad-und-therme\/taetigkeitsbereiche\/therme-st-kathrein-bad-kleinkirchheim\/#breadcrumb\"},\"inLanguage\":\"de\",\"potentialAction\":[{\"@type\":\"ReadAction\",\"target\":[\"https:\/\/www.gwt.at\/schwimmbad-und-therme\/taetigkeitsbereiche\/therme-st-kathrein-bad-kleinkirchheim\/\"]}]},{\"@type\":\"ImageObject\",\"inLanguage\":\"de\",\"@id\":\"https:\/\/www.gwt.at\/schwimmbad-und-therme\/taetigkeitsbereiche\/therme-st-kathrein-bad-kleinkirchheim\/#primaryimage\",\"url\":\"https:\/\/www.gwt.at\/schwimmbad-und-therme\/wp-content\/uploads\/sites\/3\/2020\/05\/csm_ref_kathrein2_3f768598a3.jpg\",\"contentUrl\":\"https:\/\/www.gwt.at\/schwimmbad-und-therme\/wp-content\/uploads\/sites\/3\/2020\/05\/csm_ref_kathrein2_3f768598a3.jpg\",\"width\":605,\"height\":404,\"caption\":\"Therme St. Kathrein Bad Kleinkirchheim\"},{\"@type\":\"BreadcrumbList\",\"@id\":\"https:\/\/www.gwt.at\/schwimmbad-und-therme\/taetigkeitsbereiche\/therme-st-kathrein-bad-kleinkirchheim\/#breadcrumb\",\"itemListElement\":[{\"@type\":\"ListItem\",\"position\":1,\"name\":\"Home\",\"item\":\"https:\/\/www.gwt.at\/schwimmbad-und-therme\/\"},{\"@type\":\"ListItem\",\"position\":2,\"name\":\"T\u00e4tigkeitsbereiche\",\"item\":\"https:\/\/www.gwt.at\/schwimmbad-und-therme\/en\/taetigkeitsbereiche\/\"},{\"@type\":\"ListItem\",\"position\":3,\"name\":\"Schwimmbadtechnik &amp; Beckenanlagen\",\"item\":\"https:\/\/www.gwt.at\/schwimmbad-und-therme\/taetigkeitsbereiche\/schwimmbadtechnik-beckenanlagen\/\"},{\"@type\":\"ListItem\",\"position\":4,\"name\":\"Therme St. Kathrein Bad Kleinkirchheim\"}]},{\"@type\":\"WebSite\",\"@id\":\"https:\/\/www.gwt.at\/schwimmbad-und-therme\/#website\",\"url\":\"https:\/\/www.gwt.at\/schwimmbad-und-therme\/\",\"name\":\"GWT - Schwimmbad und Therme\",\"description\":\"Ihr Partner f\u00fcr wassertechnische Anlagen\",\"publisher\":{\"@id\":\"https:\/\/www.gwt.at\/schwimmbad-und-therme\/#organization\"},\"potentialAction\":[{\"@type\":\"SearchAction\",\"target\":{\"@type\":\"EntryPoint\",\"urlTemplate\":\"https:\/\/www.gwt.at\/schwimmbad-und-therme\/?s={search_term_string}\"},\"query-input\":{\"@type\":\"PropertyValueSpecification\",\"valueRequired\":true,\"valueName\":\"search_term_string\"}}],\"inLanguage\":\"de\"},{\"@type\":\"Organization\",\"@id\":\"https:\/\/www.gwt.at\/schwimmbad-und-therme\/#organization\",\"name\":\"GWT - Schwimmbad und Therme\",\"url\":\"https:\/\/www.gwt.at\/schwimmbad-und-therme\/\",\"logo\":{\"@type\":\"ImageObject\",\"inLanguage\":\"de\",\"@id\":\"https:\/\/www.gwt.at\/schwimmbad-und-therme\/#\/schema\/logo\/image\/\",\"url\":\"https:\/\/www.gwt.at\/schwimmbad-und-therme\/wp-content\/uploads\/sites\/3\/2023\/03\/cropped-01_Standard_Logo-Schwimmbad-und-Therme_rgb_200x100.png\",\"contentUrl\":\"https:\/\/www.gwt.at\/schwimmbad-und-therme\/wp-content\/uploads\/sites\/3\/2023\/03\/cropped-01_Standard_Logo-Schwimmbad-und-Therme_rgb_200x100.png\",\"width\":191,\"height\":100,\"caption\":\"GWT - Schwimmbad und Therme\"},\"image\":{\"@id\":\"https:\/\/www.gwt.at\/schwimmbad-und-therme\/#\/schema\/logo\/image\/\"}},{\"@type\":\"Person\",\"@id\":\"https:\/\/www.gwt.at\/schwimmbad-und-therme\/#\/schema\/person\/461aa849ce8fdaf81da482f23b05a783\",\"name\":\"webdesignsteyrer\",\"image\":{\"@type\":\"ImageObject\",\"inLanguage\":\"de\",\"@id\":\"https:\/\/www.gwt.at\/schwimmbad-und-therme\/#\/schema\/person\/image\/\",\"url\":\"https:\/\/secure.gravatar.com\/avatar\/66a91af2e44be2e0bdd5141da70269cc19b2694e6649603582d3711918250958?s=96&d=mm&r=g\",\"contentUrl\":\"https:\/\/secure.gravatar.com\/avatar\/66a91af2e44be2e0bdd5141da70269cc19b2694e6649603582d3711918250958?s=96&d=mm&r=g\",\"caption\":\"webdesignsteyrer\"},\"sameAs\":[\"https:\/\/gwt-new.webdesign-steyrer.at\"]}]}<\/script>\n<!-- \/ Yoast SEO plugin. -->","yoast_head_json":{"title":"Therme St. Kathrein Bad Kleinkirchheim - GWT - Schwimmbad und Therme","robots":{"index":"index","follow":"follow","max-snippet":"max-snippet:-1","max-image-preview":"max-image-preview:large","max-video-preview":"max-video-preview:-1"},"canonical":"https:\/\/www.gwt.at\/schwimmbad-und-therme\/taetigkeitsbereiche\/therme-st-kathrein-bad-kleinkirchheim\/","og_locale":"de_DE","og_type":"article","og_title":"Therme St. Kathrein Bad Kleinkirchheim - GWT - Schwimmbad und Therme","og_description":"Die Therme St. Kathrein bietet ihren Besuchern eine gro\u00dfz\u00fcgige Fl\u00e4che von 1.200 m\u00b2, die gr\u00f6\u00dfte Wasserfl\u00e4che aller Thermen K\u00e4rntens. Das Wasserparadies des Erlebnisbeckens bietet Spa\u00df f\u00fcr die ganze Familie. Von hier gelangt man in das fast 600 m\u00b2 gro\u00dfe Thermalau\u00dfenbecken. F\u00fcr die Allerkleinsten gibt es ein gut einsehbares Kinderbecken. Wenn Sie etwas Erholung brauchen bietet das 330 m\u00b2 gro\u00dfe Wellnessbecken und Whirlpool Entspannung pur.","og_url":"https:\/\/www.gwt.at\/schwimmbad-und-therme\/taetigkeitsbereiche\/therme-st-kathrein-bad-kleinkirchheim\/","og_site_name":"GWT - Schwimmbad und Therme","article_published_time":"2020-05-18T18:31:42+00:00","article_modified_time":"2023-06-02T10:20:21+00:00","og_image":[{"width":605,"height":404,"url":"https:\/\/www.gwt.at\/schwimmbad-und-therme\/wp-content\/uploads\/sites\/3\/2020\/05\/csm_ref_kathrein2_3f768598a3.jpg","type":"image\/jpeg"}],"author":"webdesignsteyrer","twitter_card":"summary_large_image","twitter_misc":{"Verfasst von":"webdesignsteyrer","Gesch\u00e4tzte Lesezeit":"1\u00a0Minute"},"schema":{"@context":"https:\/\/schema.org","@graph":[{"@type":"Article","@id":"https:\/\/www.gwt.at\/schwimmbad-und-therme\/taetigkeitsbereiche\/therme-st-kathrein-bad-kleinkirchheim\/#article","isPartOf":{"@id":"https:\/\/www.gwt.at\/schwimmbad-und-therme\/taetigkeitsbereiche\/therme-st-kathrein-bad-kleinkirchheim\/"},"author":{"name":"webdesignsteyrer","@id":"https:\/\/www.gwt.at\/schwimmbad-und-therme\/#\/schema\/person\/461aa849ce8fdaf81da482f23b05a783"},"headline":"Therme St. Kathrein Bad Kleinkirchheim","datePublished":"2020-05-18T18:31:42+00:00","dateModified":"2023-06-02T10:20:21+00:00","mainEntityOfPage":{"@id":"https:\/\/www.gwt.at\/schwimmbad-und-therme\/taetigkeitsbereiche\/therme-st-kathrein-bad-kleinkirchheim\/"},"wordCount":170,"commentCount":0,"publisher":{"@id":"https:\/\/www.gwt.at\/schwimmbad-und-therme\/#organization"},"image":{"@id":"https:\/\/www.gwt.at\/schwimmbad-und-therme\/taetigkeitsbereiche\/therme-st-kathrein-bad-kleinkirchheim\/#primaryimage"},"thumbnailUrl":"https:\/\/www.gwt.at\/schwimmbad-und-therme\/wp-content\/uploads\/sites\/3\/2020\/05\/csm_ref_kathrein2_3f768598a3.jpg","articleSection":["Schwimmbadtechnik &amp; Beckenanlagen","T\u00e4tigkeitsbereiche"],"inLanguage":"de","potentialAction":[{"@type":"CommentAction","name":"Comment","target":["https:\/\/www.gwt.at\/schwimmbad-und-therme\/taetigkeitsbereiche\/therme-st-kathrein-bad-kleinkirchheim\/#respond"]}]},{"@type":"WebPage","@id":"https:\/\/www.gwt.at\/schwimmbad-und-therme\/taetigkeitsbereiche\/therme-st-kathrein-bad-kleinkirchheim\/","url":"https:\/\/www.gwt.at\/schwimmbad-und-therme\/taetigkeitsbereiche\/therme-st-kathrein-bad-kleinkirchheim\/","name":"Therme St. Kathrein Bad Kleinkirchheim - GWT - Schwimmbad und Therme","isPartOf":{"@id":"https:\/\/www.gwt.at\/schwimmbad-und-therme\/#website"},"primaryImageOfPage":{"@id":"https:\/\/www.gwt.at\/schwimmbad-und-therme\/taetigkeitsbereiche\/therme-st-kathrein-bad-kleinkirchheim\/#primaryimage"},"image":{"@id":"https:\/\/www.gwt.at\/schwimmbad-und-therme\/taetigkeitsbereiche\/therme-st-kathrein-bad-kleinkirchheim\/#primaryimage"},"thumbnailUrl":"https:\/\/www.gwt.at\/schwimmbad-und-therme\/wp-content\/uploads\/sites\/3\/2020\/05\/csm_ref_kathrein2_3f768598a3.jpg","datePublished":"2020-05-18T18:31:42+00:00","dateModified":"2023-06-02T10:20:21+00:00","breadcrumb":{"@id":"https:\/\/www.gwt.at\/schwimmbad-und-therme\/taetigkeitsbereiche\/therme-st-kathrein-bad-kleinkirchheim\/#breadcrumb"},"inLanguage":"de","potentialAction":[{"@type":"ReadAction","target":["https:\/\/www.gwt.at\/schwimmbad-und-therme\/taetigkeitsbereiche\/therme-st-kathrein-bad-kleinkirchheim\/"]}]},{"@type":"ImageObject","inLanguage":"de","@id":"https:\/\/www.gwt.at\/schwimmbad-und-therme\/taetigkeitsbereiche\/therme-st-kathrein-bad-kleinkirchheim\/#primaryimage","url":"https:\/\/www.gwt.at\/schwimmbad-und-therme\/wp-content\/uploads\/sites\/3\/2020\/05\/csm_ref_kathrein2_3f768598a3.jpg","contentUrl":"https:\/\/www.gwt.at\/schwimmbad-und-therme\/wp-content\/uploads\/sites\/3\/2020\/05\/csm_ref_kathrein2_3f768598a3.jpg","width":605,"height":404,"caption":"Therme St. Kathrein Bad Kleinkirchheim"},{"@type":"BreadcrumbList","@id":"https:\/\/www.gwt.at\/schwimmbad-und-therme\/taetigkeitsbereiche\/therme-st-kathrein-bad-kleinkirchheim\/#breadcrumb","itemListElement":[{"@type":"ListItem","position":1,"name":"Home","item":"https:\/\/www.gwt.at\/schwimmbad-und-therme\/"},{"@type":"ListItem","position":2,"name":"T\u00e4tigkeitsbereiche","item":"https:\/\/www.gwt.at\/schwimmbad-und-therme\/en\/taetigkeitsbereiche\/"},{"@type":"ListItem","position":3,"name":"Schwimmbadtechnik &amp; Beckenanlagen","item":"https:\/\/www.gwt.at\/schwimmbad-und-therme\/taetigkeitsbereiche\/schwimmbadtechnik-beckenanlagen\/"},{"@type":"ListItem","position":4,"name":"Therme St. Kathrein Bad Kleinkirchheim"}]},{"@type":"WebSite","@id":"https:\/\/www.gwt.at\/schwimmbad-und-therme\/#website","url":"https:\/\/www.gwt.at\/schwimmbad-und-therme\/","name":"GWT - Schwimmbad und Therme","description":"Ihr Partner f\u00fcr wassertechnische Anlagen","publisher":{"@id":"https:\/\/www.gwt.at\/schwimmbad-und-therme\/#organization"},"potentialAction":[{"@type":"SearchAction","target":{"@type":"EntryPoint","urlTemplate":"https:\/\/www.gwt.at\/schwimmbad-und-therme\/?s={search_term_string}"},"query-input":{"@type":"PropertyValueSpecification","valueRequired":true,"valueName":"search_term_string"}}],"inLanguage":"de"},{"@type":"Organization","@id":"https:\/\/www.gwt.at\/schwimmbad-und-therme\/#organization","name":"GWT - Schwimmbad und Therme","url":"https:\/\/www.gwt.at\/schwimmbad-und-therme\/","logo":{"@type":"ImageObject","inLanguage":"de","@id":"https:\/\/www.gwt.at\/schwimmbad-und-therme\/#\/schema\/logo\/image\/","url":"https:\/\/www.gwt.at\/schwimmbad-und-therme\/wp-content\/uploads\/sites\/3\/2023\/03\/cropped-01_Standard_Logo-Schwimmbad-und-Therme_rgb_200x100.png","contentUrl":"https:\/\/www.gwt.at\/schwimmbad-und-therme\/wp-content\/uploads\/sites\/3\/2023\/03\/cropped-01_Standard_Logo-Schwimmbad-und-Therme_rgb_200x100.png","width":191,"height":100,"caption":"GWT - Schwimmbad und Therme"},"image":{"@id":"https:\/\/www.gwt.at\/schwimmbad-und-therme\/#\/schema\/logo\/image\/"}},{"@type":"Person","@id":"https:\/\/www.gwt.at\/schwimmbad-und-therme\/#\/schema\/person\/461aa849ce8fdaf81da482f23b05a783","name":"webdesignsteyrer","image":{"@type":"ImageObject","inLanguage":"de","@id":"https:\/\/www.gwt.at\/schwimmbad-und-therme\/#\/schema\/person\/image\/","url":"https:\/\/secure.gravatar.com\/avatar\/66a91af2e44be2e0bdd5141da70269cc19b2694e6649603582d3711918250958?s=96&d=mm&r=g","contentUrl":"https:\/\/secure.gravatar.com\/avatar\/66a91af2e44be2e0bdd5141da70269cc19b2694e6649603582d3711918250958?s=96&d=mm&r=g","caption":"webdesignsteyrer"},"sameAs":["https:\/\/gwt-new.webdesign-steyrer.at"]}]}},"_links":{"self":[{"href":"https:\/\/www.gwt.at\/schwimmbad-und-therme\/wp-json\/wp\/v2\/posts\/625","targetHints":{"allow":["GET"]}}],"collection":[{"href":"https:\/\/www.gwt.at\/schwimmbad-und-therme\/wp-json\/wp\/v2\/posts"}],"about":[{"href":"https:\/\/www.gwt.at\/schwimmbad-und-therme\/wp-json\/wp\/v2\/types\/post"}],"author":[{"embeddable":true,"href":"https:\/\/www.gwt.at\/schwimmbad-und-therme\/wp-json\/wp\/v2\/users\/1"}],"replies":[{"embeddable":true,"href":"https:\/\/www.gwt.at\/schwimmbad-und-therme\/wp-json\/wp\/v2\/comments?post=625"}],"version-history":[{"count":7,"href":"https:\/\/www.gwt.at\/schwimmbad-und-therme\/wp-json\/wp\/v2\/posts\/625\/revisions"}],"predecessor-version":[{"id":4551,"href":"https:\/\/www.gwt.at\/schwimmbad-und-therme\/wp-json\/wp\/v2\/posts\/625\/revisions\/4551"}],"wp:featuredmedia":[{"embeddable":true,"href":"https:\/\/www.gwt.at\/schwimmbad-und-therme\/wp-json\/wp\/v2\/media\/707"}],"wp:attachment":[{"href":"https:\/\/www.gwt.at\/schwimmbad-und-therme\/wp-json\/wp\/v2\/media?parent=625"}],"wp:term":[{"taxonomy":"category","embeddable":true,"href":"https:\/\/www.gwt.at\/schwimmbad-und-therme\/wp-json\/wp\/v2\/categories?post=625"},{"taxonomy":"post_tag","embeddable":true,"href":"https:\/\/www.gwt.at\/schwimmbad-und-therme\/wp-json\/wp\/v2\/tags?post=625"}],"curies":[{"name":"wp","href":"https:\/\/api.w.org\/{rel}","templated":true}]}}