{"id":984,"date":"2020-02-22T00:08:00","date_gmt":"2020-02-21T23:08:00","guid":{"rendered":"https:\/\/www.gwt.at\/wasser-und-waermetechnik\/jobs\/klaeranlage-alland\/"},"modified":"2020-05-18T16:11:19","modified_gmt":"2020-05-18T14:11:19","slug":"klaeranlage-alland","status":"publish","type":"post","link":"https:\/\/www.gwt.at\/wasser-und-waermetechnik\/taetigkeitsbereiche\/abwasser\/klaeranlage-alland\/","title":{"rendered":"Kl\u00e4ranlage Alland"},"content":{"rendered":"<p>Unter Aufrechterhaltung des Betriebes wurde die Kl\u00e4ranlage um eine zweite Stra\u00dfe in Form eines Belebungsbeckens und Nachkl\u00e4rbeckens auf 10.000 EW60 erweitert. Die Kl\u00e4ranlage ist als aerobes Belebtschlammverfahren mit simultaner Schlammstabilisation, Nitrifikation und Denitrifikation sowie biologischer Phosphorelimination konzipiert. Geliefert und montiert wurden: Gebl\u00e4sestation, feinblasige Tiefenbel\u00fcftung (Tellerbel\u00fcftung), Pumpen, R\u00fchrwerke, F\u00e4llmitteldosierung, Nachkl\u00e4rbeckenl\u00e4ngsr\u00e4umer, Rohrleitungs- und Stahlbau sowie Sicherheitstechnik.<\/p>\n","protected":false},"excerpt":{"rendered":"<p>Unter Aufrechterhaltung des Betriebes wurde die Kl\u00e4ranlage um eine zweite Stra\u00dfe in Form eines Belebungsbeckens und Nachkl\u00e4rbeckens auf 10.000 EW60 erweitert. Die Kl\u00e4ranlage ist als aerobes Belebtschlammverfahren mit simultaner Schlammstabilisation, Nitrifikation und Denitrifikation sowie biologischer Phosphorelimination konzipiert. Geliefert und montiert wurden: Gebl\u00e4sestation, feinblasige Tiefenbel\u00fcftung (Tellerbel\u00fcftung), Pumpen, R\u00fchrwerke, F\u00e4llmitteldosierung, Nachkl\u00e4rbeckenl\u00e4ngsr\u00e4umer, Rohrleitungs- und Stahlbau sowie Sicherheitstechnik.<\/p>\n","protected":false},"author":1,"featured_media":284,"comment_status":"open","ping_status":"open","sticky":false,"template":"","format":"standard","meta":{"footnotes":""},"categories":[22,21],"tags":[],"class_list":["post-984","post","type-post","status-publish","format-standard","has-post-thumbnail","hentry","category-abwasser","category-taetigkeitsbereiche"],"yoast_head":"<!-- This site is optimized with the Yoast SEO plugin v26.0 - https:\/\/yoast.com\/wordpress\/plugins\/seo\/ -->\n<title>Kl\u00e4ranlage Alland - GWT - Wasser und W\u00e4rmetechnik<\/title>\n<meta name=\"robots\" content=\"index, follow, max-snippet:-1, max-image-preview:large, max-video-preview:-1\" \/>\n<link rel=\"canonical\" href=\"https:\/\/www.gwt.at\/wasser-und-waermetechnik\/taetigkeitsbereiche\/abwasser\/klaeranlage-alland\/\" \/>\n<meta property=\"og:locale\" content=\"de_DE\" \/>\n<meta property=\"og:type\" content=\"article\" \/>\n<meta property=\"og:title\" content=\"Kl\u00e4ranlage Alland - GWT - Wasser und W\u00e4rmetechnik\" \/>\n<meta property=\"og:description\" content=\"Unter Aufrechterhaltung des Betriebes wurde die Kl\u00e4ranlage um eine zweite Stra\u00dfe in Form eines Belebungsbeckens und Nachkl\u00e4rbeckens auf 10.000 EW60 erweitert. Die Kl\u00e4ranlage ist als aerobes Belebtschlammverfahren mit simultaner Schlammstabilisation, Nitrifikation und Denitrifikation sowie biologischer Phosphorelimination konzipiert. Geliefert und montiert wurden: Gebl\u00e4sestation, feinblasige Tiefenbel\u00fcftung (Tellerbel\u00fcftung), Pumpen, R\u00fchrwerke, F\u00e4llmitteldosierung, Nachkl\u00e4rbeckenl\u00e4ngsr\u00e4umer, Rohrleitungs- und Stahlbau sowie Sicherheitstechnik.\" \/>\n<meta property=\"og:url\" content=\"https:\/\/www.gwt.at\/wasser-und-waermetechnik\/taetigkeitsbereiche\/abwasser\/klaeranlage-alland\/\" \/>\n<meta property=\"og:site_name\" content=\"GWT - Wasser und W\u00e4rmetechnik\" \/>\n<meta property=\"article:published_time\" content=\"2020-02-21T23:08:00+00:00\" \/>\n<meta property=\"article:modified_time\" content=\"2020-05-18T14:11:19+00:00\" \/>\n<meta property=\"og:image\" content=\"https:\/\/www.gwt.at\/wasser-und-waermetechnik\/wp-content\/uploads\/sites\/2\/2020\/05\/ref_klaeranlage_alland.jpg\" \/>\n\t<meta property=\"og:image:width\" content=\"1024\" \/>\n\t<meta property=\"og:image:height\" content=\"685\" \/>\n\t<meta property=\"og:image:type\" content=\"image\/jpeg\" \/>\n<meta name=\"author\" content=\"webdesignsteyrer\" \/>\n<meta name=\"twitter:card\" content=\"summary_large_image\" \/>\n<meta name=\"twitter:label1\" content=\"Verfasst von\" \/>\n\t<meta name=\"twitter:data1\" content=\"webdesignsteyrer\" \/>\n<script type=\"application\/ld+json\" class=\"yoast-schema-graph\">{\"@context\":\"https:\/\/schema.org\",\"@graph\":[{\"@type\":\"Article\",\"@id\":\"https:\/\/www.gwt.at\/wasser-und-waermetechnik\/en\/taetigkeitsbereiche\/abwasser\/klaeranlage-alland\/#article\",\"isPartOf\":{\"@id\":\"https:\/\/www.gwt.at\/wasser-und-waermetechnik\/en\/taetigkeitsbereiche\/abwasser\/klaeranlage-alland\/\"},\"author\":{\"name\":\"webdesignsteyrer\",\"@id\":\"https:\/\/www.gwt.at\/wasser-und-waermetechnik\/#\/schema\/person\/461aa849ce8fdaf81da482f23b05a783\"},\"headline\":\"Kl\u00e4ranlage Alland\",\"datePublished\":\"2020-02-21T23:08:00+00:00\",\"dateModified\":\"2020-05-18T14:11:19+00:00\",\"mainEntityOfPage\":{\"@id\":\"https:\/\/www.gwt.at\/wasser-und-waermetechnik\/en\/taetigkeitsbereiche\/abwasser\/klaeranlage-alland\/\"},\"wordCount\":68,\"commentCount\":0,\"publisher\":{\"@id\":\"https:\/\/www.gwt.at\/wasser-und-waermetechnik\/#organization\"},\"image\":{\"@id\":\"https:\/\/www.gwt.at\/wasser-und-waermetechnik\/en\/taetigkeitsbereiche\/abwasser\/klaeranlage-alland\/#primaryimage\"},\"thumbnailUrl\":\"https:\/\/www.gwt.at\/wasser-und-waermetechnik\/wp-content\/uploads\/sites\/2\/2020\/05\/ref_klaeranlage_alland.jpg\",\"articleSection\":[\"Abwasser\",\"T\u00e4tigkeitsbereiche\"],\"inLanguage\":\"de\",\"potentialAction\":[{\"@type\":\"CommentAction\",\"name\":\"Comment\",\"target\":[\"https:\/\/www.gwt.at\/wasser-und-waermetechnik\/en\/taetigkeitsbereiche\/abwasser\/klaeranlage-alland\/#respond\"]}]},{\"@type\":\"WebPage\",\"@id\":\"https:\/\/www.gwt.at\/wasser-und-waermetechnik\/en\/taetigkeitsbereiche\/abwasser\/klaeranlage-alland\/\",\"url\":\"https:\/\/www.gwt.at\/wasser-und-waermetechnik\/en\/taetigkeitsbereiche\/abwasser\/klaeranlage-alland\/\",\"name\":\"Kl\u00e4ranlage Alland - GWT - Wasser und W\u00e4rmetechnik\",\"isPartOf\":{\"@id\":\"https:\/\/www.gwt.at\/wasser-und-waermetechnik\/#website\"},\"primaryImageOfPage\":{\"@id\":\"https:\/\/www.gwt.at\/wasser-und-waermetechnik\/en\/taetigkeitsbereiche\/abwasser\/klaeranlage-alland\/#primaryimage\"},\"image\":{\"@id\":\"https:\/\/www.gwt.at\/wasser-und-waermetechnik\/en\/taetigkeitsbereiche\/abwasser\/klaeranlage-alland\/#primaryimage\"},\"thumbnailUrl\":\"https:\/\/www.gwt.at\/wasser-und-waermetechnik\/wp-content\/uploads\/sites\/2\/2020\/05\/ref_klaeranlage_alland.jpg\",\"datePublished\":\"2020-02-21T23:08:00+00:00\",\"dateModified\":\"2020-05-18T14:11:19+00:00\",\"breadcrumb\":{\"@id\":\"https:\/\/www.gwt.at\/wasser-und-waermetechnik\/en\/taetigkeitsbereiche\/abwasser\/klaeranlage-alland\/#breadcrumb\"},\"inLanguage\":\"de\",\"potentialAction\":[{\"@type\":\"ReadAction\",\"target\":[\"https:\/\/www.gwt.at\/wasser-und-waermetechnik\/en\/taetigkeitsbereiche\/abwasser\/klaeranlage-alland\/\"]}]},{\"@type\":\"ImageObject\",\"inLanguage\":\"de\",\"@id\":\"https:\/\/www.gwt.at\/wasser-und-waermetechnik\/en\/taetigkeitsbereiche\/abwasser\/klaeranlage-alland\/#primaryimage\",\"url\":\"https:\/\/www.gwt.at\/wasser-und-waermetechnik\/wp-content\/uploads\/sites\/2\/2020\/05\/ref_klaeranlage_alland.jpg\",\"contentUrl\":\"https:\/\/www.gwt.at\/wasser-und-waermetechnik\/wp-content\/uploads\/sites\/2\/2020\/05\/ref_klaeranlage_alland.jpg\",\"width\":1024,\"height\":685,\"caption\":\"Kl\u00e4ranlage Alland\"},{\"@type\":\"BreadcrumbList\",\"@id\":\"https:\/\/www.gwt.at\/wasser-und-waermetechnik\/en\/taetigkeitsbereiche\/abwasser\/klaeranlage-alland\/#breadcrumb\",\"itemListElement\":[{\"@type\":\"ListItem\",\"position\":1,\"name\":\"Home\",\"item\":\"https:\/\/www.gwt.at\/wasser-und-waermetechnik\/\"},{\"@type\":\"ListItem\",\"position\":2,\"name\":\"T\u00e4tigkeitsbereiche\",\"item\":\"https:\/\/www.gwt.at\/wasser-und-waermetechnik\/taetigkeitsbereiche\/\"},{\"@type\":\"ListItem\",\"position\":3,\"name\":\"Abwasser\",\"item\":\"https:\/\/www.gwt.at\/wasser-und-waermetechnik\/en\/taetigkeitsbereiche\/abwasser\/\"},{\"@type\":\"ListItem\",\"position\":4,\"name\":\"Kl\u00e4ranlage Alland\"}]},{\"@type\":\"WebSite\",\"@id\":\"https:\/\/www.gwt.at\/wasser-und-waermetechnik\/#website\",\"url\":\"https:\/\/www.gwt.at\/wasser-und-waermetechnik\/\",\"name\":\"GWT - Wasser und W\u00e4rmetechnik\",\"description\":\"Ihr Partner f\u00fcr wassertechnische Anlagen\",\"publisher\":{\"@id\":\"https:\/\/www.gwt.at\/wasser-und-waermetechnik\/#organization\"},\"potentialAction\":[{\"@type\":\"SearchAction\",\"target\":{\"@type\":\"EntryPoint\",\"urlTemplate\":\"https:\/\/www.gwt.at\/wasser-und-waermetechnik\/?s={search_term_string}\"},\"query-input\":{\"@type\":\"PropertyValueSpecification\",\"valueRequired\":true,\"valueName\":\"search_term_string\"}}],\"inLanguage\":\"de\"},{\"@type\":\"Organization\",\"@id\":\"https:\/\/www.gwt.at\/wasser-und-waermetechnik\/#organization\",\"name\":\"GWT - Wasser und W\u00e4rmetechnik\",\"url\":\"https:\/\/www.gwt.at\/wasser-und-waermetechnik\/\",\"logo\":{\"@type\":\"ImageObject\",\"inLanguage\":\"de\",\"@id\":\"https:\/\/www.gwt.at\/wasser-und-waermetechnik\/#\/schema\/logo\/image\/\",\"url\":\"https:\/\/www.gwt.at\/wasser-und-waermetechnik\/wp-content\/uploads\/sites\/2\/2023\/03\/cropped-01_Standard_Logo-Wasser-und-Waermetechnik_rgb_200x100.png\",\"contentUrl\":\"https:\/\/www.gwt.at\/wasser-und-waermetechnik\/wp-content\/uploads\/sites\/2\/2023\/03\/cropped-01_Standard_Logo-Wasser-und-Waermetechnik_rgb_200x100.png\",\"width\":193,\"height\":99,\"caption\":\"GWT - Wasser und W\u00e4rmetechnik\"},\"image\":{\"@id\":\"https:\/\/www.gwt.at\/wasser-und-waermetechnik\/#\/schema\/logo\/image\/\"}},{\"@type\":\"Person\",\"@id\":\"https:\/\/www.gwt.at\/wasser-und-waermetechnik\/#\/schema\/person\/461aa849ce8fdaf81da482f23b05a783\",\"name\":\"webdesignsteyrer\",\"image\":{\"@type\":\"ImageObject\",\"inLanguage\":\"de\",\"@id\":\"https:\/\/www.gwt.at\/wasser-und-waermetechnik\/#\/schema\/person\/image\/\",\"url\":\"https:\/\/secure.gravatar.com\/avatar\/66a91af2e44be2e0bdd5141da70269cc19b2694e6649603582d3711918250958?s=96&d=mm&r=g\",\"contentUrl\":\"https:\/\/secure.gravatar.com\/avatar\/66a91af2e44be2e0bdd5141da70269cc19b2694e6649603582d3711918250958?s=96&d=mm&r=g\",\"caption\":\"webdesignsteyrer\"},\"sameAs\":[\"https:\/\/gwt-new.webdesign-steyrer.at\"]}]}<\/script>\n<!-- \/ Yoast SEO plugin. -->","yoast_head_json":{"title":"Kl\u00e4ranlage Alland - GWT - Wasser und W\u00e4rmetechnik","robots":{"index":"index","follow":"follow","max-snippet":"max-snippet:-1","max-image-preview":"max-image-preview:large","max-video-preview":"max-video-preview:-1"},"canonical":"https:\/\/www.gwt.at\/wasser-und-waermetechnik\/taetigkeitsbereiche\/abwasser\/klaeranlage-alland\/","og_locale":"de_DE","og_type":"article","og_title":"Kl\u00e4ranlage Alland - GWT - Wasser und W\u00e4rmetechnik","og_description":"Unter Aufrechterhaltung des Betriebes wurde die Kl\u00e4ranlage um eine zweite Stra\u00dfe in Form eines Belebungsbeckens und Nachkl\u00e4rbeckens auf 10.000 EW60 erweitert. Die Kl\u00e4ranlage ist als aerobes Belebtschlammverfahren mit simultaner Schlammstabilisation, Nitrifikation und Denitrifikation sowie biologischer Phosphorelimination konzipiert. Geliefert und montiert wurden: Gebl\u00e4sestation, feinblasige Tiefenbel\u00fcftung (Tellerbel\u00fcftung), Pumpen, R\u00fchrwerke, F\u00e4llmitteldosierung, Nachkl\u00e4rbeckenl\u00e4ngsr\u00e4umer, Rohrleitungs- und Stahlbau sowie Sicherheitstechnik.","og_url":"https:\/\/www.gwt.at\/wasser-und-waermetechnik\/taetigkeitsbereiche\/abwasser\/klaeranlage-alland\/","og_site_name":"GWT - Wasser und W\u00e4rmetechnik","article_published_time":"2020-02-21T23:08:00+00:00","article_modified_time":"2020-05-18T14:11:19+00:00","og_image":[{"width":1024,"height":685,"url":"https:\/\/www.gwt.at\/wasser-und-waermetechnik\/wp-content\/uploads\/sites\/2\/2020\/05\/ref_klaeranlage_alland.jpg","type":"image\/jpeg"}],"author":"webdesignsteyrer","twitter_card":"summary_large_image","twitter_misc":{"Verfasst von":"webdesignsteyrer"},"schema":{"@context":"https:\/\/schema.org","@graph":[{"@type":"Article","@id":"https:\/\/www.gwt.at\/wasser-und-waermetechnik\/en\/taetigkeitsbereiche\/abwasser\/klaeranlage-alland\/#article","isPartOf":{"@id":"https:\/\/www.gwt.at\/wasser-und-waermetechnik\/en\/taetigkeitsbereiche\/abwasser\/klaeranlage-alland\/"},"author":{"name":"webdesignsteyrer","@id":"https:\/\/www.gwt.at\/wasser-und-waermetechnik\/#\/schema\/person\/461aa849ce8fdaf81da482f23b05a783"},"headline":"Kl\u00e4ranlage Alland","datePublished":"2020-02-21T23:08:00+00:00","dateModified":"2020-05-18T14:11:19+00:00","mainEntityOfPage":{"@id":"https:\/\/www.gwt.at\/wasser-und-waermetechnik\/en\/taetigkeitsbereiche\/abwasser\/klaeranlage-alland\/"},"wordCount":68,"commentCount":0,"publisher":{"@id":"https:\/\/www.gwt.at\/wasser-und-waermetechnik\/#organization"},"image":{"@id":"https:\/\/www.gwt.at\/wasser-und-waermetechnik\/en\/taetigkeitsbereiche\/abwasser\/klaeranlage-alland\/#primaryimage"},"thumbnailUrl":"https:\/\/www.gwt.at\/wasser-und-waermetechnik\/wp-content\/uploads\/sites\/2\/2020\/05\/ref_klaeranlage_alland.jpg","articleSection":["Abwasser","T\u00e4tigkeitsbereiche"],"inLanguage":"de","potentialAction":[{"@type":"CommentAction","name":"Comment","target":["https:\/\/www.gwt.at\/wasser-und-waermetechnik\/en\/taetigkeitsbereiche\/abwasser\/klaeranlage-alland\/#respond"]}]},{"@type":"WebPage","@id":"https:\/\/www.gwt.at\/wasser-und-waermetechnik\/en\/taetigkeitsbereiche\/abwasser\/klaeranlage-alland\/","url":"https:\/\/www.gwt.at\/wasser-und-waermetechnik\/en\/taetigkeitsbereiche\/abwasser\/klaeranlage-alland\/","name":"Kl\u00e4ranlage Alland - GWT - Wasser und W\u00e4rmetechnik","isPartOf":{"@id":"https:\/\/www.gwt.at\/wasser-und-waermetechnik\/#website"},"primaryImageOfPage":{"@id":"https:\/\/www.gwt.at\/wasser-und-waermetechnik\/en\/taetigkeitsbereiche\/abwasser\/klaeranlage-alland\/#primaryimage"},"image":{"@id":"https:\/\/www.gwt.at\/wasser-und-waermetechnik\/en\/taetigkeitsbereiche\/abwasser\/klaeranlage-alland\/#primaryimage"},"thumbnailUrl":"https:\/\/www.gwt.at\/wasser-und-waermetechnik\/wp-content\/uploads\/sites\/2\/2020\/05\/ref_klaeranlage_alland.jpg","datePublished":"2020-02-21T23:08:00+00:00","dateModified":"2020-05-18T14:11:19+00:00","breadcrumb":{"@id":"https:\/\/www.gwt.at\/wasser-und-waermetechnik\/en\/taetigkeitsbereiche\/abwasser\/klaeranlage-alland\/#breadcrumb"},"inLanguage":"de","potentialAction":[{"@type":"ReadAction","target":["https:\/\/www.gwt.at\/wasser-und-waermetechnik\/en\/taetigkeitsbereiche\/abwasser\/klaeranlage-alland\/"]}]},{"@type":"ImageObject","inLanguage":"de","@id":"https:\/\/www.gwt.at\/wasser-und-waermetechnik\/en\/taetigkeitsbereiche\/abwasser\/klaeranlage-alland\/#primaryimage","url":"https:\/\/www.gwt.at\/wasser-und-waermetechnik\/wp-content\/uploads\/sites\/2\/2020\/05\/ref_klaeranlage_alland.jpg","contentUrl":"https:\/\/www.gwt.at\/wasser-und-waermetechnik\/wp-content\/uploads\/sites\/2\/2020\/05\/ref_klaeranlage_alland.jpg","width":1024,"height":685,"caption":"Kl\u00e4ranlage Alland"},{"@type":"BreadcrumbList","@id":"https:\/\/www.gwt.at\/wasser-und-waermetechnik\/en\/taetigkeitsbereiche\/abwasser\/klaeranlage-alland\/#breadcrumb","itemListElement":[{"@type":"ListItem","position":1,"name":"Home","item":"https:\/\/www.gwt.at\/wasser-und-waermetechnik\/"},{"@type":"ListItem","position":2,"name":"T\u00e4tigkeitsbereiche","item":"https:\/\/www.gwt.at\/wasser-und-waermetechnik\/taetigkeitsbereiche\/"},{"@type":"ListItem","position":3,"name":"Abwasser","item":"https:\/\/www.gwt.at\/wasser-und-waermetechnik\/en\/taetigkeitsbereiche\/abwasser\/"},{"@type":"ListItem","position":4,"name":"Kl\u00e4ranlage Alland"}]},{"@type":"WebSite","@id":"https:\/\/www.gwt.at\/wasser-und-waermetechnik\/#website","url":"https:\/\/www.gwt.at\/wasser-und-waermetechnik\/","name":"GWT - Wasser und W\u00e4rmetechnik","description":"Ihr Partner f\u00fcr wassertechnische Anlagen","publisher":{"@id":"https:\/\/www.gwt.at\/wasser-und-waermetechnik\/#organization"},"potentialAction":[{"@type":"SearchAction","target":{"@type":"EntryPoint","urlTemplate":"https:\/\/www.gwt.at\/wasser-und-waermetechnik\/?s={search_term_string}"},"query-input":{"@type":"PropertyValueSpecification","valueRequired":true,"valueName":"search_term_string"}}],"inLanguage":"de"},{"@type":"Organization","@id":"https:\/\/www.gwt.at\/wasser-und-waermetechnik\/#organization","name":"GWT - Wasser und W\u00e4rmetechnik","url":"https:\/\/www.gwt.at\/wasser-und-waermetechnik\/","logo":{"@type":"ImageObject","inLanguage":"de","@id":"https:\/\/www.gwt.at\/wasser-und-waermetechnik\/#\/schema\/logo\/image\/","url":"https:\/\/www.gwt.at\/wasser-und-waermetechnik\/wp-content\/uploads\/sites\/2\/2023\/03\/cropped-01_Standard_Logo-Wasser-und-Waermetechnik_rgb_200x100.png","contentUrl":"https:\/\/www.gwt.at\/wasser-und-waermetechnik\/wp-content\/uploads\/sites\/2\/2023\/03\/cropped-01_Standard_Logo-Wasser-und-Waermetechnik_rgb_200x100.png","width":193,"height":99,"caption":"GWT - Wasser und W\u00e4rmetechnik"},"image":{"@id":"https:\/\/www.gwt.at\/wasser-und-waermetechnik\/#\/schema\/logo\/image\/"}},{"@type":"Person","@id":"https:\/\/www.gwt.at\/wasser-und-waermetechnik\/#\/schema\/person\/461aa849ce8fdaf81da482f23b05a783","name":"webdesignsteyrer","image":{"@type":"ImageObject","inLanguage":"de","@id":"https:\/\/www.gwt.at\/wasser-und-waermetechnik\/#\/schema\/person\/image\/","url":"https:\/\/secure.gravatar.com\/avatar\/66a91af2e44be2e0bdd5141da70269cc19b2694e6649603582d3711918250958?s=96&d=mm&r=g","contentUrl":"https:\/\/secure.gravatar.com\/avatar\/66a91af2e44be2e0bdd5141da70269cc19b2694e6649603582d3711918250958?s=96&d=mm&r=g","caption":"webdesignsteyrer"},"sameAs":["https:\/\/gwt-new.webdesign-steyrer.at"]}]}},"_links":{"self":[{"href":"https:\/\/www.gwt.at\/wasser-und-waermetechnik\/wp-json\/wp\/v2\/posts\/984","targetHints":{"allow":["GET"]}}],"collection":[{"href":"https:\/\/www.gwt.at\/wasser-und-waermetechnik\/wp-json\/wp\/v2\/posts"}],"about":[{"href":"https:\/\/www.gwt.at\/wasser-und-waermetechnik\/wp-json\/wp\/v2\/types\/post"}],"author":[{"embeddable":true,"href":"https:\/\/www.gwt.at\/wasser-und-waermetechnik\/wp-json\/wp\/v2\/users\/1"}],"replies":[{"embeddable":true,"href":"https:\/\/www.gwt.at\/wasser-und-waermetechnik\/wp-json\/wp\/v2\/comments?post=984"}],"version-history":[{"count":2,"href":"https:\/\/www.gwt.at\/wasser-und-waermetechnik\/wp-json\/wp\/v2\/posts\/984\/revisions"}],"predecessor-version":[{"id":1048,"href":"https:\/\/www.gwt.at\/wasser-und-waermetechnik\/wp-json\/wp\/v2\/posts\/984\/revisions\/1048"}],"wp:featuredmedia":[{"embeddable":true,"href":"https:\/\/www.gwt.at\/wasser-und-waermetechnik\/wp-json\/wp\/v2\/media\/284"}],"wp:attachment":[{"href":"https:\/\/www.gwt.at\/wasser-und-waermetechnik\/wp-json\/wp\/v2\/media?parent=984"}],"wp:term":[{"taxonomy":"category","embeddable":true,"href":"https:\/\/www.gwt.at\/wasser-und-waermetechnik\/wp-json\/wp\/v2\/categories?post=984"},{"taxonomy":"post_tag","embeddable":true,"href":"https:\/\/www.gwt.at\/wasser-und-waermetechnik\/wp-json\/wp\/v2\/tags?post=984"}],"curies":[{"name":"wp","href":"https:\/\/api.w.org\/{rel}","templated":true}]}}